{"id":5021,"date":"2021-03-18T16:41:06","date_gmt":"2021-03-18T23:41:06","guid":{"rendered":"http:\/\/www.midvalleystem.org\/?p=5021"},"modified":"2022-09-15T14:16:22","modified_gmt":"2022-09-15T21:16:22","slug":"declaracion-de-solidaridad-con-la-comunidad-asiatica-y-asiatica-americana","status":"publish","type":"post","link":"https:\/\/www.midvalleystem.org\/es\/2021\/03\/18\/declaracion-de-solidaridad-con-la-comunidad-asiatica-y-asiatica-americana\/","title":{"rendered":"Declaraci\u00f3n de Solidaridad con la Comunidad Asi\u00e1tica y Asi\u00e1tica Americana"},"content":{"rendered":"<p><span style=\"font-weight: 400;\">El Mid-Valley STEM-CTE Hub est\u00e1 con nuestros socios en el Departamento de Educaci\u00f3n de Oregon (ODE por sus siglas en ingl\u00e9s) y personas de todo el mundo en duelo con la comunidad asi\u00e1tica y asi\u00e1tico-estadounidense por los terribles tiroteos que cobraron la vida de ocho personas, seis de las cuales eran mujeres de ascendencia asi\u00e1tica. Estos asesinatos han tenido lugar en medio de un aumento alarmante en todo el pa\u00eds del acoso y la violencia contra las personas de ascendencia asi\u00e1tica.<\/span><\/p>\n<p><span style=\"font-weight: 400;\">Deseamos expresar nuestro fuerte e inquebrantable apoyo a las comunidades asi\u00e1ticas y asi\u00e1tico-estadounidense. Compartimos la visi\u00f3n de ODE de que se valora el bienestar, la forma de ser y la experiencia de todos y cada uno de los estudiantes, familias y educadores. Estamos con ellos y todos nuestros socios educativos, comunitarios y comerciales y nos comprometemos a continuar dedic\u00e1ndonos a defender los valores de diversidad, justicia racial y equidad con la esperanza de construir una comunidad m\u00e1s fuerte y pr\u00f3spera para todos los que viven en ella.\u00a0<\/span><\/p>\n<p><span style=\"font-weight: 400;\">Visite este enlace para ver la declaraci\u00f3n del director de ODE, Colt Gill, as\u00ed como algunos recursos para educadores de Learning for Justice (<\/span><i><span style=\"font-weight: 400;\">Aprendizaje por Justicia<\/span><\/i><span style=\"font-weight: 400;\">): <\/span><a href=\"https:\/\/content.govdelivery.com\/accounts\/ORED\/bulletins\/2c7e412\"><span style=\"font-weight: 400;\">https:\/\/content.govdelivery.com\/accounts\/ORED\/bulletins\/2c7e412<\/span><\/a><span style=\"font-weight: 400;\">.<\/span><\/p>\n<p><span style=\"font-weight: 400;\">Atentamente,<\/span><\/p>\n<p><span style=\"font-weight: 400;\">Sarah Whiteside, Directora<\/span><\/p>\n<p><span style=\"font-weight: 400;\">Chris Singer, Coordinador del Programa<\/span><\/p>\n","protected":false},"excerpt":{"rendered":"El Mid-Valley STEM-CTE Hub est\u00e1 con nuestros socios en el Departamento de Educaci\u00f3n de Oregon (ODE por sus siglas en ingl\u00e9s) y personas de todo el mundo en duelo con [&hellip;]","protected":false},"author":3,"featured_media":5022,"comment_status":"open","ping_status":"open","sticky":false,"template":"","format":"standard","meta":{"_acf_changed":false,"footnotes":""},"categories":[12],"tags":[],"class_list":["post-5021","post","type-post","status-publish","format-standard","has-post-thumbnail","hentry","category-news"],"acf":[],"yoast_head":"<!-- This site is optimized with the Yoast SEO plugin v26.8 - https:\/\/yoast.com\/product\/yoast-seo-wordpress\/ -->\n<title>Declaraci\u00f3n de Solidaridad con la Comunidad Asi\u00e1tica y Asi\u00e1tica Americana - Mid-Valley STEM-CTE Hub - Espa\u00f1ol<\/title>\n<meta name=\"description\" content=\"Declaraci\u00f3n de solidaridad con la comunidad asi\u00e1tica y asi\u00e1tica americana\" \/>\n<meta name=\"robots\" content=\"index, follow, max-snippet:-1, max-image-preview:large, max-video-preview:-1\" \/>\n<link rel=\"canonical\" href=\"https:\/\/www.midvalleystem.org\/es\/2021\/03\/18\/declaracion-de-solidaridad-con-la-comunidad-asiatica-y-asiatica-americana\/\" \/>\n<meta property=\"og:locale\" content=\"en_US\" \/>\n<meta property=\"og:type\" content=\"article\" \/>\n<meta property=\"og:title\" content=\"Declaraci\u00f3n de Solidaridad con la Comunidad Asi\u00e1tica y Asi\u00e1tica Americana - Mid-Valley STEM-CTE Hub - Espa\u00f1ol\" \/>\n<meta property=\"og:description\" content=\"Declaraci\u00f3n de solidaridad con la comunidad asi\u00e1tica y asi\u00e1tica americana\" \/>\n<meta property=\"og:url\" content=\"https:\/\/www.midvalleystem.org\/es\/2021\/03\/18\/declaracion-de-solidaridad-con-la-comunidad-asiatica-y-asiatica-americana\/\" \/>\n<meta property=\"og:site_name\" content=\"Mid-Valley STEM-CTE Hub - Espa\u00f1ol\" \/>\n<meta property=\"article:published_time\" content=\"2021-03-18T23:41:06+00:00\" \/>\n<meta property=\"article:modified_time\" content=\"2022-09-15T21:16:22+00:00\" \/>\n<meta property=\"og:image\" content=\"https:\/\/www.midvalleystem.org\/media\/sites\/2\/2021\/03\/StatementFB.png\" \/>\n\t<meta property=\"og:image:width\" content=\"940\" \/>\n\t<meta property=\"og:image:height\" content=\"788\" \/>\n\t<meta property=\"og:image:type\" content=\"image\/png\" \/>\n<meta name=\"author\" content=\"Chris Singer\" \/>\n<meta name=\"twitter:card\" content=\"summary_large_image\" \/>\n<meta name=\"twitter:label1\" content=\"Written by\" \/>\n\t<meta name=\"twitter:data1\" content=\"Chris Singer\" \/>\n\t<meta name=\"twitter:label2\" content=\"Est. reading time\" \/>\n\t<meta name=\"twitter:data2\" content=\"1 minute\" \/>\n<script type=\"application\/ld+json\" class=\"yoast-schema-graph\">{\"@context\":\"https:\/\/schema.org\",\"@graph\":[{\"@type\":\"Article\",\"@id\":\"https:\/\/www.midvalleystem.org\/es\/2021\/03\/18\/declaracion-de-solidaridad-con-la-comunidad-asiatica-y-asiatica-americana\/#article\",\"isPartOf\":{\"@id\":\"https:\/\/www.midvalleystem.org\/es\/2021\/03\/18\/declaracion-de-solidaridad-con-la-comunidad-asiatica-y-asiatica-americana\/\"},\"author\":{\"name\":\"Chris Singer\",\"@id\":\"https:\/\/www.midvalleystem.org\/es\/#\/schema\/person\/7d44af715608415f180795a51f3bd524\"},\"headline\":\"Declaraci\u00f3n de Solidaridad con la Comunidad Asi\u00e1tica y Asi\u00e1tica Americana\",\"datePublished\":\"2021-03-18T23:41:06+00:00\",\"dateModified\":\"2022-09-15T21:16:22+00:00\",\"mainEntityOfPage\":{\"@id\":\"https:\/\/www.midvalleystem.org\/es\/2021\/03\/18\/declaracion-de-solidaridad-con-la-comunidad-asiatica-y-asiatica-americana\/\"},\"wordCount\":239,\"commentCount\":0,\"image\":{\"@id\":\"https:\/\/www.midvalleystem.org\/es\/2021\/03\/18\/declaracion-de-solidaridad-con-la-comunidad-asiatica-y-asiatica-americana\/#primaryimage\"},\"thumbnailUrl\":\"https:\/\/www.midvalleystem.org\/media\/sites\/2\/2021\/03\/StatementFB.png\",\"articleSection\":[\"News\"],\"inLanguage\":\"en-US\",\"potentialAction\":[{\"@type\":\"CommentAction\",\"name\":\"Comment\",\"target\":[\"https:\/\/www.midvalleystem.org\/es\/2021\/03\/18\/declaracion-de-solidaridad-con-la-comunidad-asiatica-y-asiatica-americana\/#respond\"]}]},{\"@type\":\"WebPage\",\"@id\":\"https:\/\/www.midvalleystem.org\/es\/2021\/03\/18\/declaracion-de-solidaridad-con-la-comunidad-asiatica-y-asiatica-americana\/\",\"url\":\"https:\/\/www.midvalleystem.org\/es\/2021\/03\/18\/declaracion-de-solidaridad-con-la-comunidad-asiatica-y-asiatica-americana\/\",\"name\":\"Declaraci\u00f3n de Solidaridad con la Comunidad Asi\u00e1tica y Asi\u00e1tica Americana - Mid-Valley STEM-CTE Hub - Espa\u00f1ol\",\"isPartOf\":{\"@id\":\"https:\/\/www.midvalleystem.org\/es\/#website\"},\"primaryImageOfPage\":{\"@id\":\"https:\/\/www.midvalleystem.org\/es\/2021\/03\/18\/declaracion-de-solidaridad-con-la-comunidad-asiatica-y-asiatica-americana\/#primaryimage\"},\"image\":{\"@id\":\"https:\/\/www.midvalleystem.org\/es\/2021\/03\/18\/declaracion-de-solidaridad-con-la-comunidad-asiatica-y-asiatica-americana\/#primaryimage\"},\"thumbnailUrl\":\"https:\/\/www.midvalleystem.org\/media\/sites\/2\/2021\/03\/StatementFB.png\",\"datePublished\":\"2021-03-18T23:41:06+00:00\",\"dateModified\":\"2022-09-15T21:16:22+00:00\",\"author\":{\"@id\":\"https:\/\/www.midvalleystem.org\/es\/#\/schema\/person\/7d44af715608415f180795a51f3bd524\"},\"description\":\"Declaraci\u00f3n de solidaridad con la comunidad asi\u00e1tica y asi\u00e1tica americana\",\"breadcrumb\":{\"@id\":\"https:\/\/www.midvalleystem.org\/es\/2021\/03\/18\/declaracion-de-solidaridad-con-la-comunidad-asiatica-y-asiatica-americana\/#breadcrumb\"},\"inLanguage\":\"en-US\",\"potentialAction\":[{\"@type\":\"ReadAction\",\"target\":[\"https:\/\/www.midvalleystem.org\/es\/2021\/03\/18\/declaracion-de-solidaridad-con-la-comunidad-asiatica-y-asiatica-americana\/\"]}]},{\"@type\":\"ImageObject\",\"inLanguage\":\"en-US\",\"@id\":\"https:\/\/www.midvalleystem.org\/es\/2021\/03\/18\/declaracion-de-solidaridad-con-la-comunidad-asiatica-y-asiatica-americana\/#primaryimage\",\"url\":\"https:\/\/www.midvalleystem.org\/media\/sites\/2\/2021\/03\/StatementFB.png\",\"contentUrl\":\"https:\/\/www.midvalleystem.org\/media\/sites\/2\/2021\/03\/StatementFB.png\",\"width\":940,\"height\":788,\"caption\":\"Statement of solidarity with Asian and Asian American community\"},{\"@type\":\"BreadcrumbList\",\"@id\":\"https:\/\/www.midvalleystem.org\/es\/2021\/03\/18\/declaracion-de-solidaridad-con-la-comunidad-asiatica-y-asiatica-americana\/#breadcrumb\",\"itemListElement\":[{\"@type\":\"ListItem\",\"position\":1,\"name\":\"Home\",\"item\":\"https:\/\/www.midvalleystem.org\/es\/\"},{\"@type\":\"ListItem\",\"position\":2,\"name\":\"Declaraci\u00f3n de Solidaridad con la Comunidad Asi\u00e1tica y Asi\u00e1tica Americana\"}]},{\"@type\":\"WebSite\",\"@id\":\"https:\/\/www.midvalleystem.org\/es\/#website\",\"url\":\"https:\/\/www.midvalleystem.org\/es\/\",\"name\":\"Mid-Valley STEM-CTE Hub - Espa\u00f1ol\",\"description\":\"\",\"potentialAction\":[{\"@type\":\"SearchAction\",\"target\":{\"@type\":\"EntryPoint\",\"urlTemplate\":\"https:\/\/www.midvalleystem.org\/es\/?s={search_term_string}\"},\"query-input\":{\"@type\":\"PropertyValueSpecification\",\"valueRequired\":true,\"valueName\":\"search_term_string\"}}],\"inLanguage\":\"en-US\"},{\"@type\":\"Person\",\"@id\":\"https:\/\/www.midvalleystem.org\/es\/#\/schema\/person\/7d44af715608415f180795a51f3bd524\",\"name\":\"Chris Singer\",\"image\":{\"@type\":\"ImageObject\",\"inLanguage\":\"en-US\",\"@id\":\"https:\/\/www.midvalleystem.org\/es\/#\/schema\/person\/image\/\",\"url\":\"https:\/\/secure.gravatar.com\/avatar\/4ae3c9fc6c3d514f7eb0f382644386ad?s=96&d=mm&r=g\",\"contentUrl\":\"https:\/\/secure.gravatar.com\/avatar\/4ae3c9fc6c3d514f7eb0f382644386ad?s=96&d=mm&r=g\",\"caption\":\"Chris Singer\"},\"url\":\"https:\/\/www.midvalleystem.org\/es\/author\/crs\/\"}]}<\/script>\n<!-- \/ Yoast SEO plugin. -->","yoast_head_json":{"title":"Declaraci\u00f3n de Solidaridad con la Comunidad Asi\u00e1tica y Asi\u00e1tica Americana - Mid-Valley STEM-CTE Hub - Espa\u00f1ol","description":"Declaraci\u00f3n de solidaridad con la comunidad asi\u00e1tica y asi\u00e1tica americana","robots":{"index":"index","follow":"follow","max-snippet":"max-snippet:-1","max-image-preview":"max-image-preview:large","max-video-preview":"max-video-preview:-1"},"canonical":"https:\/\/www.midvalleystem.org\/es\/2021\/03\/18\/declaracion-de-solidaridad-con-la-comunidad-asiatica-y-asiatica-americana\/","og_locale":"en_US","og_type":"article","og_title":"Declaraci\u00f3n de Solidaridad con la Comunidad Asi\u00e1tica y Asi\u00e1tica Americana - Mid-Valley STEM-CTE Hub - Espa\u00f1ol","og_description":"Declaraci\u00f3n de solidaridad con la comunidad asi\u00e1tica y asi\u00e1tica americana","og_url":"https:\/\/www.midvalleystem.org\/es\/2021\/03\/18\/declaracion-de-solidaridad-con-la-comunidad-asiatica-y-asiatica-americana\/","og_site_name":"Mid-Valley STEM-CTE Hub - Espa\u00f1ol","article_published_time":"2021-03-18T23:41:06+00:00","article_modified_time":"2022-09-15T21:16:22+00:00","og_image":[{"width":940,"height":788,"url":"https:\/\/www.midvalleystem.org\/media\/sites\/2\/2021\/03\/StatementFB.png","type":"image\/png"}],"author":"Chris Singer","twitter_card":"summary_large_image","twitter_misc":{"Written by":"Chris Singer","Est. reading time":"1 minute"},"schema":{"@context":"https:\/\/schema.org","@graph":[{"@type":"Article","@id":"https:\/\/www.midvalleystem.org\/es\/2021\/03\/18\/declaracion-de-solidaridad-con-la-comunidad-asiatica-y-asiatica-americana\/#article","isPartOf":{"@id":"https:\/\/www.midvalleystem.org\/es\/2021\/03\/18\/declaracion-de-solidaridad-con-la-comunidad-asiatica-y-asiatica-americana\/"},"author":{"name":"Chris Singer","@id":"https:\/\/www.midvalleystem.org\/es\/#\/schema\/person\/7d44af715608415f180795a51f3bd524"},"headline":"Declaraci\u00f3n de Solidaridad con la Comunidad Asi\u00e1tica y Asi\u00e1tica Americana","datePublished":"2021-03-18T23:41:06+00:00","dateModified":"2022-09-15T21:16:22+00:00","mainEntityOfPage":{"@id":"https:\/\/www.midvalleystem.org\/es\/2021\/03\/18\/declaracion-de-solidaridad-con-la-comunidad-asiatica-y-asiatica-americana\/"},"wordCount":239,"commentCount":0,"image":{"@id":"https:\/\/www.midvalleystem.org\/es\/2021\/03\/18\/declaracion-de-solidaridad-con-la-comunidad-asiatica-y-asiatica-americana\/#primaryimage"},"thumbnailUrl":"https:\/\/www.midvalleystem.org\/media\/sites\/2\/2021\/03\/StatementFB.png","articleSection":["News"],"inLanguage":"en-US","potentialAction":[{"@type":"CommentAction","name":"Comment","target":["https:\/\/www.midvalleystem.org\/es\/2021\/03\/18\/declaracion-de-solidaridad-con-la-comunidad-asiatica-y-asiatica-americana\/#respond"]}]},{"@type":"WebPage","@id":"https:\/\/www.midvalleystem.org\/es\/2021\/03\/18\/declaracion-de-solidaridad-con-la-comunidad-asiatica-y-asiatica-americana\/","url":"https:\/\/www.midvalleystem.org\/es\/2021\/03\/18\/declaracion-de-solidaridad-con-la-comunidad-asiatica-y-asiatica-americana\/","name":"Declaraci\u00f3n de Solidaridad con la Comunidad Asi\u00e1tica y Asi\u00e1tica Americana - Mid-Valley STEM-CTE Hub - Espa\u00f1ol","isPartOf":{"@id":"https:\/\/www.midvalleystem.org\/es\/#website"},"primaryImageOfPage":{"@id":"https:\/\/www.midvalleystem.org\/es\/2021\/03\/18\/declaracion-de-solidaridad-con-la-comunidad-asiatica-y-asiatica-americana\/#primaryimage"},"image":{"@id":"https:\/\/www.midvalleystem.org\/es\/2021\/03\/18\/declaracion-de-solidaridad-con-la-comunidad-asiatica-y-asiatica-americana\/#primaryimage"},"thumbnailUrl":"https:\/\/www.midvalleystem.org\/media\/sites\/2\/2021\/03\/StatementFB.png","datePublished":"2021-03-18T23:41:06+00:00","dateModified":"2022-09-15T21:16:22+00:00","author":{"@id":"https:\/\/www.midvalleystem.org\/es\/#\/schema\/person\/7d44af715608415f180795a51f3bd524"},"description":"Declaraci\u00f3n de solidaridad con la comunidad asi\u00e1tica y asi\u00e1tica americana","breadcrumb":{"@id":"https:\/\/www.midvalleystem.org\/es\/2021\/03\/18\/declaracion-de-solidaridad-con-la-comunidad-asiatica-y-asiatica-americana\/#breadcrumb"},"inLanguage":"en-US","potentialAction":[{"@type":"ReadAction","target":["https:\/\/www.midvalleystem.org\/es\/2021\/03\/18\/declaracion-de-solidaridad-con-la-comunidad-asiatica-y-asiatica-americana\/"]}]},{"@type":"ImageObject","inLanguage":"en-US","@id":"https:\/\/www.midvalleystem.org\/es\/2021\/03\/18\/declaracion-de-solidaridad-con-la-comunidad-asiatica-y-asiatica-americana\/#primaryimage","url":"https:\/\/www.midvalleystem.org\/media\/sites\/2\/2021\/03\/StatementFB.png","contentUrl":"https:\/\/www.midvalleystem.org\/media\/sites\/2\/2021\/03\/StatementFB.png","width":940,"height":788,"caption":"Statement of solidarity with Asian and Asian American community"},{"@type":"BreadcrumbList","@id":"https:\/\/www.midvalleystem.org\/es\/2021\/03\/18\/declaracion-de-solidaridad-con-la-comunidad-asiatica-y-asiatica-americana\/#breadcrumb","itemListElement":[{"@type":"ListItem","position":1,"name":"Home","item":"https:\/\/www.midvalleystem.org\/es\/"},{"@type":"ListItem","position":2,"name":"Declaraci\u00f3n de Solidaridad con la Comunidad Asi\u00e1tica y Asi\u00e1tica Americana"}]},{"@type":"WebSite","@id":"https:\/\/www.midvalleystem.org\/es\/#website","url":"https:\/\/www.midvalleystem.org\/es\/","name":"Mid-Valley STEM-CTE Hub - Espa\u00f1ol","description":"","potentialAction":[{"@type":"SearchAction","target":{"@type":"EntryPoint","urlTemplate":"https:\/\/www.midvalleystem.org\/es\/?s={search_term_string}"},"query-input":{"@type":"PropertyValueSpecification","valueRequired":true,"valueName":"search_term_string"}}],"inLanguage":"en-US"},{"@type":"Person","@id":"https:\/\/www.midvalleystem.org\/es\/#\/schema\/person\/7d44af715608415f180795a51f3bd524","name":"Chris Singer","image":{"@type":"ImageObject","inLanguage":"en-US","@id":"https:\/\/www.midvalleystem.org\/es\/#\/schema\/person\/image\/","url":"https:\/\/secure.gravatar.com\/avatar\/4ae3c9fc6c3d514f7eb0f382644386ad?s=96&d=mm&r=g","contentUrl":"https:\/\/secure.gravatar.com\/avatar\/4ae3c9fc6c3d514f7eb0f382644386ad?s=96&d=mm&r=g","caption":"Chris Singer"},"url":"https:\/\/www.midvalleystem.org\/es\/author\/crs\/"}]}},"jetpack_featured_media_url":"https:\/\/www.midvalleystem.org\/media\/sites\/2\/2021\/03\/StatementFB.png","_links":{"self":[{"href":"https:\/\/www.midvalleystem.org\/es\/wp-json\/wp\/v2\/posts\/5021","targetHints":{"allow":["GET"]}}],"collection":[{"href":"https:\/\/www.midvalleystem.org\/es\/wp-json\/wp\/v2\/posts"}],"about":[{"href":"https:\/\/www.midvalleystem.org\/es\/wp-json\/wp\/v2\/types\/post"}],"author":[{"embeddable":true,"href":"https:\/\/www.midvalleystem.org\/es\/wp-json\/wp\/v2\/users\/3"}],"replies":[{"embeddable":true,"href":"https:\/\/www.midvalleystem.org\/es\/wp-json\/wp\/v2\/comments?post=5021"}],"version-history":[{"count":1,"href":"https:\/\/www.midvalleystem.org\/es\/wp-json\/wp\/v2\/posts\/5021\/revisions"}],"predecessor-version":[{"id":7577,"href":"https:\/\/www.midvalleystem.org\/es\/wp-json\/wp\/v2\/posts\/5021\/revisions\/7577"}],"wp:featuredmedia":[{"embeddable":true,"href":"https:\/\/www.midvalleystem.org\/es\/wp-json\/wp\/v2\/media\/5022"}],"wp:attachment":[{"href":"https:\/\/www.midvalleystem.org\/es\/wp-json\/wp\/v2\/media?parent=5021"}],"wp:term":[{"taxonomy":"category","embeddable":true,"href":"https:\/\/www.midvalleystem.org\/es\/wp-json\/wp\/v2\/categories?post=5021"},{"taxonomy":"post_tag","embeddable":true,"href":"https:\/\/www.midvalleystem.org\/es\/wp-json\/wp\/v2\/tags?post=5021"}],"curies":[{"name":"wp","href":"https:\/\/api.w.org\/{rel}","templated":true}]}}