{"id":7202,"date":"2022-04-01T14:21:46","date_gmt":"2022-04-01T21:21:46","guid":{"rendered":"https:\/\/www.midvalleystem.org\/es\/?p=7202"},"modified":"2022-12-01T17:06:47","modified_gmt":"2022-12-02T01:06:47","slug":"closing-the-gap-mindy-crandall","status":"publish","type":"post","link":"https:\/\/www.midvalleystem.org\/es\/2022\/04\/01\/closing-the-gap-mindy-crandall\/","title":{"rendered":"Closing the Gap &#8211; Mindy Crandall"},"content":{"rendered":"<h2>\u00a1Conozca a nuestra invitada en la para abril del 2022, Mindy Crandall!<\/h2>\n<p>En este episodio de Closing the Gap (Disminuyendo las diferencias), nos acompa\u00f1an la amiga del programa (\u00a1y periodista del a\u00f1o de la escuela preparatoria de Oregon!) Tori Thorp y la Profesora forestal de la Universidad Estatal de Oregon, Mindy Crandall. Tori y Mindy hablan sobre los desaf\u00edos de completar su educaci\u00f3n universitaria como madre soltera, la falta de diversidad en el sal\u00f3n de clases y la industria forestal, y el trabajo que ella ha hecho para cambiar eso.<\/p>\n<div class=\"Qr7Oae\" role=\"listitem\">\n<div class=\"OxAavc NVbRL\" data-required=\"true\" data-item-id=\"1399071646\">\n<div class=\"pYfr3c\">\n<div class=\"prOLdf\">\n<div class=\"g53bl\"><\/div>\n<\/div>\n<\/div>\n<\/div>\n<\/div>\n<div class=\"Qr7Oae\" role=\"listitem\">\n<div class=\"OxAavc NVbRL\" data-item-id=\"336650363\">\n<div class=\"pYfr3c\">\n<div class=\"prOLdf\">\n<div class=\"g53bl\">\n<h4 class=\"cTDvob D1wxyf G4EHhc\" role=\"heading\" aria-level=\"3\" aria-describedby=\"i.desc.336650363\">P: Por favor, describa su formaci\u00f3n educativa\/capacitaci\u00f3n.<\/h4>\n<div class=\"cTDvob D1wxyf G4EHhc\" role=\"heading\" aria-level=\"3\" aria-describedby=\"i.desc.336650363\">Manejo o gesti\u00f3n Forestal<\/div>\n<h4 class=\"cTDvob D1wxyf G4EHhc\" role=\"heading\" aria-level=\"3\" aria-describedby=\"i.desc.336650363\">P: Por favor, describa d\u00f3nde trabaja y su ocupaci\u00f3n.<\/h4>\n<div class=\"cTDvob D1wxyf G4EHhc\" role=\"heading\" aria-level=\"3\" aria-describedby=\"i.desc.336650363\"><span style=\"font-weight: 400;\">Profesora asistente de la Facultad de Ciencias Forestales de la Universidad Estatal de Oregon-OSU<\/span><\/div>\n<h4 class=\"cTDvob D1wxyf G4EHhc\" role=\"heading\" aria-level=\"3\" aria-describedby=\"i.desc.336650363\">P: En cuanto a su carrera, \u00bfcu\u00e1les han sido sus momentos m\u00e1s destacados\/logros hasta ahora?<\/h4>\n<div class=\"cTDvob D1wxyf G4EHhc\" role=\"heading\" aria-level=\"3\" aria-describedby=\"i.desc.336650363\">Participar en el establecimiento de un grupo de mujeres en Ciencias Forestales en la Universidad de Maine. \u00a1Ese programa fue realmente impactante! El art\u00edculo de revista m\u00e1s significativo personalmente que he escrito fue sobre ese programa y la conservaci\u00f3n de la diversidad de g\u00e9nero en los programas universitarios de Ciencias Forestales, publicado en el \u201cJournal of Forestry\u201d.<\/div>\n<h4 class=\"cTDvob D1wxyf G4EHhc\" role=\"heading\" aria-level=\"3\" aria-describedby=\"i.desc.336650363\"><b>P: \u00bfCu\u00e1les son algunas de sus metas futuras o cosas que le gustar\u00eda lograr? <\/b><\/h4>\n<div class=\"cTDvob D1wxyf G4EHhc\" role=\"heading\" aria-level=\"3\" aria-describedby=\"i.desc.336650363\"><span style=\"font-weight: 400;\">\u00a1Vaya! Me gustar\u00eda contribuir, en todo lo que pueda, a hacer que las Ciencias Forestales sea m\u00e1s diversa y acogedora. Me gustar\u00eda entrar por la puerta de un departamento forestal dentro de 10 a\u00f1os y ver un grupo de personas que se reflejen a los grupos que coincidan con los EE. UU. en su conjunto, en t\u00e9rminos de g\u00e9nero, raza, etnia y capacidad f\u00edsica.<\/span><\/div>\n<h4 class=\"cTDvob D1wxyf G4EHhc\" role=\"heading\" aria-level=\"3\" aria-describedby=\"i.desc.336650363\">P: \u00bfCu\u00e1les han sido algunos de los mayores desaf\u00edos de su carrera?<\/h4>\n<div class=\"cTDvob D1wxyf G4EHhc\" role=\"heading\" aria-level=\"3\" aria-describedby=\"i.desc.336650363\">Definitivamente equilibrar ser madre con las expectativas de mi campo de trabajo y preguntarme si soy parte de esto.<\/div>\n<h4 class=\"cTDvob D1wxyf G4EHhc\" role=\"heading\" aria-level=\"3\" aria-describedby=\"i.desc.336650363\">P: Es posible que muchas mujeres j\u00f3venes no est\u00e9n al tanto de la carrera disponible en los campos STEM. \u00bfQu\u00e9 cree que se puede hacer para correr la voz entre las mujeres sobre las opciones de carrera en estos campos?<\/h4>\n<div class=\"cTDvob D1wxyf G4EHhc\" role=\"heading\" aria-level=\"3\" aria-describedby=\"i.desc.336650363\">Tenemos que llegar a las escuelas TEMPRANO. Crec\u00ed en el oeste de Oregon y no sab\u00eda que las Ciencias Forestales (silvicultura) era una cosa, una profesi\u00f3n y algo que pod\u00eda estudiar, \u00a1hasta que tuve 19 a\u00f1os y viv\u00eda en Montana! Luego descubr\u00ed que mi Estado natal ten\u00eda la escuela forestal n\u00famero 1 en la naci\u00f3n. Desear\u00eda haberlo visto como una opci\u00f3n de carrera mucho antes. \u00bfUna excursi\u00f3n al bosque cuando era ni\u00f1a con alguien que me hab\u00eda hablado de bosques y plantas? \u00a1Me habr\u00eda ayudado con eso!<\/div>\n<h4 class=\"cTDvob D1wxyf G4EHhc\" role=\"heading\" aria-level=\"3\" aria-describedby=\"i.desc.336650363\">P: \u00bfTiene alg\u00fan consejo para las mujeres que buscan seguir una carrera profesional similar?<\/h4>\n<div class=\"cTDvob D1wxyf G4EHhc\" role=\"heading\" aria-level=\"3\" aria-describedby=\"i.desc.336650363\">\u00a1Hazlo! Las Ciencias Forestales son lo m\u00e1ximo. Comienza por conocer de qu\u00e9 se trata, si puedes. Hay programas para obtener conocimientos forestales b\u00e1sicos en muchos niveles. Si tu escuela preparatoria no tiene un programa CTE en Ciencias Forestales (Silvicultura), intenta con un colegio comunitario. Pide seguir el trabajo de alguien en la silvicultura. Sigue a Oregon Women in Timber en Instagram y al Departamento Forestal de Oregon para obtener ideas sobre los tipos de carreras que existen. Ir a una reuni\u00f3n local para comprobarlo (OWIT, Oregon SAF, COFE). \u00a1Ve a ver la Conferencia de tala de \u00e1rboles de Oregon en Eugene en febrero!<\/div>\n<h4 class=\"cTDvob D1wxyf G4EHhc\" role=\"heading\" aria-level=\"3\" aria-describedby=\"i.desc.336650363\">P: \u00bfQu\u00e9 le gusta hacer para divertirse en su tiempo libre?<\/h4>\n<div class=\"cTDvob D1wxyf G4EHhc\" role=\"heading\" aria-level=\"3\" aria-describedby=\"i.desc.336650363\">Estar en el bosque (por supuesto), hablar con voces divertidas a mis mascotas, intentar que mis hijos se interesen en la identificaci\u00f3n de \u00e1rboles (no lo est\u00e1n), cocinar, leer y ver deportes.<\/div>\n<\/div>\n<\/div>\n<\/div>\n<\/div>\n<\/div>\n<div role=\"heading\" aria-level=\"3\" aria-describedby=\"i.desc.336650363\"><\/div>\n<h3 role=\"heading\" aria-level=\"3\" aria-describedby=\"i.desc.336650363\">Recursos:<\/h3>\n<ul>\n<li>El episodio de Mindy est\u00e1 disponible el 18 de abril. <a href=\"https:\/\/www.midvalleystem.org\/closing-the-gap\/\"><strong>\u00a1ESCUCHALO AQUI<\/strong>!<\/a> Tambi\u00e9n puede encontrar el programa en <a href=\"https:\/\/open.spotify.com\/show\/7xGDhO4HpnuJmDFNePYQkt?si=c447469425914f29\"><strong>Spotify<\/strong><\/a>.<\/li>\n<li>Descarga el p\u00f3ster de Mindy <strong><a href=\"https:\/\/www.midvalleystem.org\/es\/wp-content\/uploads\/sites\/2\/2022\/04\/MindyCrandall_Poster.pdf\">AQU\u00cd<\/a><\/strong>.<\/li>\n<li>M\u00e1s informaci\u00f3n sobre Mindy <a href=\"https:\/\/directory.forestry.oregonstate.edu\/people\/crandall-mindy\"><strong>AQU\u00cd<\/strong><\/a>.<\/li>\n<\/ul>\n","protected":false},"excerpt":{"rendered":"\u00a1Conozca a nuestra invitada en la para abril del 2022, Mindy Crandall! En este episodio de Closing the Gap (Disminuyendo las diferencias), nos acompa\u00f1an la amiga del programa (\u00a1y periodista [&hellip;]","protected":false},"author":7,"featured_media":7209,"comment_status":"open","ping_status":"open","sticky":false,"template":"","format":"standard","meta":{"_acf_changed":false,"footnotes":""},"categories":[204],"tags":[242,23,277,108,28,256],"class_list":["post-7202","post","type-post","status-publish","format-standard","has-post-thumbnail","hentry","category-closing-the-gap","tag-diversity","tag-educators","tag-forestry","tag-oregon-state-university","tag-science","tag-women-in-stem"],"acf":[],"yoast_head":"<!-- This site is optimized with the Yoast SEO plugin v26.8 - https:\/\/yoast.com\/product\/yoast-seo-wordpress\/ -->\n<title>Closing the Gap - Mindy Crandall - Mid-Valley STEM-CTE Hub - Espa\u00f1ol<\/title>\n<meta name=\"description\" content=\"OSU Professor of Forestry, Mindy Crandall joins us on this episode of the show.\" \/>\n<meta name=\"robots\" content=\"index, follow, max-snippet:-1, max-image-preview:large, max-video-preview:-1\" \/>\n<link rel=\"canonical\" href=\"https:\/\/www.midvalleystem.org\/es\/2022\/04\/01\/closing-the-gap-mindy-crandall\/\" \/>\n<meta property=\"og:locale\" content=\"en_US\" \/>\n<meta property=\"og:type\" content=\"article\" \/>\n<meta property=\"og:title\" content=\"Closing the Gap - Mindy Crandall - Mid-Valley STEM-CTE Hub - Espa\u00f1ol\" \/>\n<meta property=\"og:description\" content=\"OSU Professor of Forestry, Mindy Crandall joins us on this episode of the show.\" \/>\n<meta property=\"og:url\" content=\"https:\/\/www.midvalleystem.org\/es\/2022\/04\/01\/closing-the-gap-mindy-crandall\/\" \/>\n<meta property=\"og:site_name\" content=\"Mid-Valley STEM-CTE Hub - Espa\u00f1ol\" \/>\n<meta property=\"article:published_time\" content=\"2022-04-01T21:21:46+00:00\" \/>\n<meta property=\"article:modified_time\" content=\"2022-12-02T01:06:47+00:00\" \/>\n<meta property=\"og:image\" content=\"https:\/\/www.midvalleystem.org\/media\/sites\/2\/2022\/04\/MindyCrandall_Twitter-100-e1648847808680.jpg\" \/>\n\t<meta property=\"og:image:width\" content=\"700\" \/>\n\t<meta property=\"og:image:height\" content=\"394\" \/>\n\t<meta property=\"og:image:type\" content=\"image\/jpeg\" \/>\n<meta name=\"author\" content=\"Kacey\" \/>\n<meta name=\"twitter:card\" content=\"summary_large_image\" \/>\n<meta name=\"twitter:label1\" content=\"Written by\" \/>\n\t<meta name=\"twitter:data1\" content=\"Kacey\" \/>\n\t<meta name=\"twitter:label2\" content=\"Est. reading time\" \/>\n\t<meta name=\"twitter:data2\" content=\"3 minutes\" \/>\n<script type=\"application\/ld+json\" class=\"yoast-schema-graph\">{\"@context\":\"https:\/\/schema.org\",\"@graph\":[{\"@type\":\"Article\",\"@id\":\"https:\/\/www.midvalleystem.org\/es\/2022\/04\/01\/closing-the-gap-mindy-crandall\/#article\",\"isPartOf\":{\"@id\":\"https:\/\/www.midvalleystem.org\/es\/2022\/04\/01\/closing-the-gap-mindy-crandall\/\"},\"author\":{\"name\":\"Kacey\",\"@id\":\"https:\/\/www.midvalleystem.org\/es\/#\/schema\/person\/54128dea53afc35ebba381a8e68484d6\"},\"headline\":\"Closing the Gap &#8211; Mindy Crandall\",\"datePublished\":\"2022-04-01T21:21:46+00:00\",\"dateModified\":\"2022-12-02T01:06:47+00:00\",\"mainEntityOfPage\":{\"@id\":\"https:\/\/www.midvalleystem.org\/es\/2022\/04\/01\/closing-the-gap-mindy-crandall\/\"},\"wordCount\":679,\"commentCount\":0,\"image\":{\"@id\":\"https:\/\/www.midvalleystem.org\/es\/2022\/04\/01\/closing-the-gap-mindy-crandall\/#primaryimage\"},\"thumbnailUrl\":\"https:\/\/www.midvalleystem.org\/media\/sites\/2\/2022\/04\/MindyCrandall_Twitter-100-e1648847808680.jpg\",\"keywords\":[\"diversity\",\"educators\",\"forestry\",\"Oregon State University\",\"science\",\"Women in STEM\"],\"articleSection\":[\"Closing the Gap\"],\"inLanguage\":\"en-US\",\"potentialAction\":[{\"@type\":\"CommentAction\",\"name\":\"Comment\",\"target\":[\"https:\/\/www.midvalleystem.org\/es\/2022\/04\/01\/closing-the-gap-mindy-crandall\/#respond\"]}]},{\"@type\":\"WebPage\",\"@id\":\"https:\/\/www.midvalleystem.org\/es\/2022\/04\/01\/closing-the-gap-mindy-crandall\/\",\"url\":\"https:\/\/www.midvalleystem.org\/es\/2022\/04\/01\/closing-the-gap-mindy-crandall\/\",\"name\":\"Closing the Gap - Mindy Crandall - Mid-Valley STEM-CTE Hub - Espa\u00f1ol\",\"isPartOf\":{\"@id\":\"https:\/\/www.midvalleystem.org\/es\/#website\"},\"primaryImageOfPage\":{\"@id\":\"https:\/\/www.midvalleystem.org\/es\/2022\/04\/01\/closing-the-gap-mindy-crandall\/#primaryimage\"},\"image\":{\"@id\":\"https:\/\/www.midvalleystem.org\/es\/2022\/04\/01\/closing-the-gap-mindy-crandall\/#primaryimage\"},\"thumbnailUrl\":\"https:\/\/www.midvalleystem.org\/media\/sites\/2\/2022\/04\/MindyCrandall_Twitter-100-e1648847808680.jpg\",\"datePublished\":\"2022-04-01T21:21:46+00:00\",\"dateModified\":\"2022-12-02T01:06:47+00:00\",\"author\":{\"@id\":\"https:\/\/www.midvalleystem.org\/es\/#\/schema\/person\/54128dea53afc35ebba381a8e68484d6\"},\"description\":\"OSU Professor of Forestry, Mindy Crandall joins us on this episode of the show.\",\"breadcrumb\":{\"@id\":\"https:\/\/www.midvalleystem.org\/es\/2022\/04\/01\/closing-the-gap-mindy-crandall\/#breadcrumb\"},\"inLanguage\":\"en-US\",\"potentialAction\":[{\"@type\":\"ReadAction\",\"target\":[\"https:\/\/www.midvalleystem.org\/es\/2022\/04\/01\/closing-the-gap-mindy-crandall\/\"]}]},{\"@type\":\"ImageObject\",\"inLanguage\":\"en-US\",\"@id\":\"https:\/\/www.midvalleystem.org\/es\/2022\/04\/01\/closing-the-gap-mindy-crandall\/#primaryimage\",\"url\":\"https:\/\/www.midvalleystem.org\/media\/sites\/2\/2022\/04\/MindyCrandall_Twitter-100-e1648847808680.jpg\",\"contentUrl\":\"https:\/\/www.midvalleystem.org\/media\/sites\/2\/2022\/04\/MindyCrandall_Twitter-100-e1648847808680.jpg\",\"width\":700,\"height\":394,\"caption\":\"Mindy Crandall on Closing the Gap\"},{\"@type\":\"BreadcrumbList\",\"@id\":\"https:\/\/www.midvalleystem.org\/es\/2022\/04\/01\/closing-the-gap-mindy-crandall\/#breadcrumb\",\"itemListElement\":[{\"@type\":\"ListItem\",\"position\":1,\"name\":\"Home\",\"item\":\"https:\/\/www.midvalleystem.org\/es\/\"},{\"@type\":\"ListItem\",\"position\":2,\"name\":\"Closing the Gap &#8211; Mindy Crandall\"}]},{\"@type\":\"WebSite\",\"@id\":\"https:\/\/www.midvalleystem.org\/es\/#website\",\"url\":\"https:\/\/www.midvalleystem.org\/es\/\",\"name\":\"Mid-Valley STEM-CTE Hub - Espa\u00f1ol\",\"description\":\"\",\"potentialAction\":[{\"@type\":\"SearchAction\",\"target\":{\"@type\":\"EntryPoint\",\"urlTemplate\":\"https:\/\/www.midvalleystem.org\/es\/?s={search_term_string}\"},\"query-input\":{\"@type\":\"PropertyValueSpecification\",\"valueRequired\":true,\"valueName\":\"search_term_string\"}}],\"inLanguage\":\"en-US\"},{\"@type\":\"Person\",\"@id\":\"https:\/\/www.midvalleystem.org\/es\/#\/schema\/person\/54128dea53afc35ebba381a8e68484d6\",\"name\":\"Kacey\",\"image\":{\"@type\":\"ImageObject\",\"inLanguage\":\"en-US\",\"@id\":\"https:\/\/www.midvalleystem.org\/es\/#\/schema\/person\/image\/\",\"url\":\"https:\/\/secure.gravatar.com\/avatar\/8321042a2f58f879d7528af9af3b3d71?s=96&d=mm&r=g\",\"contentUrl\":\"https:\/\/secure.gravatar.com\/avatar\/8321042a2f58f879d7528af9af3b3d71?s=96&d=mm&r=g\",\"caption\":\"Kacey\"},\"url\":\"https:\/\/www.midvalleystem.org\/es\/author\/km_mvs\/\"}]}<\/script>\n<!-- \/ Yoast SEO plugin. -->","yoast_head_json":{"title":"Closing the Gap - Mindy Crandall - Mid-Valley STEM-CTE Hub - Espa\u00f1ol","description":"OSU Professor of Forestry, Mindy Crandall joins us on this episode of the show.","robots":{"index":"index","follow":"follow","max-snippet":"max-snippet:-1","max-image-preview":"max-image-preview:large","max-video-preview":"max-video-preview:-1"},"canonical":"https:\/\/www.midvalleystem.org\/es\/2022\/04\/01\/closing-the-gap-mindy-crandall\/","og_locale":"en_US","og_type":"article","og_title":"Closing the Gap - Mindy Crandall - Mid-Valley STEM-CTE Hub - Espa\u00f1ol","og_description":"OSU Professor of Forestry, Mindy Crandall joins us on this episode of the show.","og_url":"https:\/\/www.midvalleystem.org\/es\/2022\/04\/01\/closing-the-gap-mindy-crandall\/","og_site_name":"Mid-Valley STEM-CTE Hub - Espa\u00f1ol","article_published_time":"2022-04-01T21:21:46+00:00","article_modified_time":"2022-12-02T01:06:47+00:00","og_image":[{"width":700,"height":394,"url":"https:\/\/www.midvalleystem.org\/media\/sites\/2\/2022\/04\/MindyCrandall_Twitter-100-e1648847808680.jpg","type":"image\/jpeg"}],"author":"Kacey","twitter_card":"summary_large_image","twitter_misc":{"Written by":"Kacey","Est. reading time":"3 minutes"},"schema":{"@context":"https:\/\/schema.org","@graph":[{"@type":"Article","@id":"https:\/\/www.midvalleystem.org\/es\/2022\/04\/01\/closing-the-gap-mindy-crandall\/#article","isPartOf":{"@id":"https:\/\/www.midvalleystem.org\/es\/2022\/04\/01\/closing-the-gap-mindy-crandall\/"},"author":{"name":"Kacey","@id":"https:\/\/www.midvalleystem.org\/es\/#\/schema\/person\/54128dea53afc35ebba381a8e68484d6"},"headline":"Closing the Gap &#8211; Mindy Crandall","datePublished":"2022-04-01T21:21:46+00:00","dateModified":"2022-12-02T01:06:47+00:00","mainEntityOfPage":{"@id":"https:\/\/www.midvalleystem.org\/es\/2022\/04\/01\/closing-the-gap-mindy-crandall\/"},"wordCount":679,"commentCount":0,"image":{"@id":"https:\/\/www.midvalleystem.org\/es\/2022\/04\/01\/closing-the-gap-mindy-crandall\/#primaryimage"},"thumbnailUrl":"https:\/\/www.midvalleystem.org\/media\/sites\/2\/2022\/04\/MindyCrandall_Twitter-100-e1648847808680.jpg","keywords":["diversity","educators","forestry","Oregon State University","science","Women in STEM"],"articleSection":["Closing the Gap"],"inLanguage":"en-US","potentialAction":[{"@type":"CommentAction","name":"Comment","target":["https:\/\/www.midvalleystem.org\/es\/2022\/04\/01\/closing-the-gap-mindy-crandall\/#respond"]}]},{"@type":"WebPage","@id":"https:\/\/www.midvalleystem.org\/es\/2022\/04\/01\/closing-the-gap-mindy-crandall\/","url":"https:\/\/www.midvalleystem.org\/es\/2022\/04\/01\/closing-the-gap-mindy-crandall\/","name":"Closing the Gap - Mindy Crandall - Mid-Valley STEM-CTE Hub - Espa\u00f1ol","isPartOf":{"@id":"https:\/\/www.midvalleystem.org\/es\/#website"},"primaryImageOfPage":{"@id":"https:\/\/www.midvalleystem.org\/es\/2022\/04\/01\/closing-the-gap-mindy-crandall\/#primaryimage"},"image":{"@id":"https:\/\/www.midvalleystem.org\/es\/2022\/04\/01\/closing-the-gap-mindy-crandall\/#primaryimage"},"thumbnailUrl":"https:\/\/www.midvalleystem.org\/media\/sites\/2\/2022\/04\/MindyCrandall_Twitter-100-e1648847808680.jpg","datePublished":"2022-04-01T21:21:46+00:00","dateModified":"2022-12-02T01:06:47+00:00","author":{"@id":"https:\/\/www.midvalleystem.org\/es\/#\/schema\/person\/54128dea53afc35ebba381a8e68484d6"},"description":"OSU Professor of Forestry, Mindy Crandall joins us on this episode of the show.","breadcrumb":{"@id":"https:\/\/www.midvalleystem.org\/es\/2022\/04\/01\/closing-the-gap-mindy-crandall\/#breadcrumb"},"inLanguage":"en-US","potentialAction":[{"@type":"ReadAction","target":["https:\/\/www.midvalleystem.org\/es\/2022\/04\/01\/closing-the-gap-mindy-crandall\/"]}]},{"@type":"ImageObject","inLanguage":"en-US","@id":"https:\/\/www.midvalleystem.org\/es\/2022\/04\/01\/closing-the-gap-mindy-crandall\/#primaryimage","url":"https:\/\/www.midvalleystem.org\/media\/sites\/2\/2022\/04\/MindyCrandall_Twitter-100-e1648847808680.jpg","contentUrl":"https:\/\/www.midvalleystem.org\/media\/sites\/2\/2022\/04\/MindyCrandall_Twitter-100-e1648847808680.jpg","width":700,"height":394,"caption":"Mindy Crandall on Closing the Gap"},{"@type":"BreadcrumbList","@id":"https:\/\/www.midvalleystem.org\/es\/2022\/04\/01\/closing-the-gap-mindy-crandall\/#breadcrumb","itemListElement":[{"@type":"ListItem","position":1,"name":"Home","item":"https:\/\/www.midvalleystem.org\/es\/"},{"@type":"ListItem","position":2,"name":"Closing the Gap &#8211; Mindy Crandall"}]},{"@type":"WebSite","@id":"https:\/\/www.midvalleystem.org\/es\/#website","url":"https:\/\/www.midvalleystem.org\/es\/","name":"Mid-Valley STEM-CTE Hub - Espa\u00f1ol","description":"","potentialAction":[{"@type":"SearchAction","target":{"@type":"EntryPoint","urlTemplate":"https:\/\/www.midvalleystem.org\/es\/?s={search_term_string}"},"query-input":{"@type":"PropertyValueSpecification","valueRequired":true,"valueName":"search_term_string"}}],"inLanguage":"en-US"},{"@type":"Person","@id":"https:\/\/www.midvalleystem.org\/es\/#\/schema\/person\/54128dea53afc35ebba381a8e68484d6","name":"Kacey","image":{"@type":"ImageObject","inLanguage":"en-US","@id":"https:\/\/www.midvalleystem.org\/es\/#\/schema\/person\/image\/","url":"https:\/\/secure.gravatar.com\/avatar\/8321042a2f58f879d7528af9af3b3d71?s=96&d=mm&r=g","contentUrl":"https:\/\/secure.gravatar.com\/avatar\/8321042a2f58f879d7528af9af3b3d71?s=96&d=mm&r=g","caption":"Kacey"},"url":"https:\/\/www.midvalleystem.org\/es\/author\/km_mvs\/"}]}},"jetpack_featured_media_url":"https:\/\/www.midvalleystem.org\/media\/sites\/2\/2022\/04\/MindyCrandall_Twitter-100-e1648847808680.jpg","_links":{"self":[{"href":"https:\/\/www.midvalleystem.org\/es\/wp-json\/wp\/v2\/posts\/7202","targetHints":{"allow":["GET"]}}],"collection":[{"href":"https:\/\/www.midvalleystem.org\/es\/wp-json\/wp\/v2\/posts"}],"about":[{"href":"https:\/\/www.midvalleystem.org\/es\/wp-json\/wp\/v2\/types\/post"}],"author":[{"embeddable":true,"href":"https:\/\/www.midvalleystem.org\/es\/wp-json\/wp\/v2\/users\/7"}],"replies":[{"embeddable":true,"href":"https:\/\/www.midvalleystem.org\/es\/wp-json\/wp\/v2\/comments?post=7202"}],"version-history":[{"count":2,"href":"https:\/\/www.midvalleystem.org\/es\/wp-json\/wp\/v2\/posts\/7202\/revisions"}],"predecessor-version":[{"id":7796,"href":"https:\/\/www.midvalleystem.org\/es\/wp-json\/wp\/v2\/posts\/7202\/revisions\/7796"}],"wp:featuredmedia":[{"embeddable":true,"href":"https:\/\/www.midvalleystem.org\/es\/wp-json\/wp\/v2\/media\/7209"}],"wp:attachment":[{"href":"https:\/\/www.midvalleystem.org\/es\/wp-json\/wp\/v2\/media?parent=7202"}],"wp:term":[{"taxonomy":"category","embeddable":true,"href":"https:\/\/www.midvalleystem.org\/es\/wp-json\/wp\/v2\/categories?post=7202"},{"taxonomy":"post_tag","embeddable":true,"href":"https:\/\/www.midvalleystem.org\/es\/wp-json\/wp\/v2\/tags?post=7202"}],"curies":[{"name":"wp","href":"https:\/\/api.w.org\/{rel}","templated":true}]}}