{"id":8173,"date":"2024-06-05T13:54:21","date_gmt":"2024-06-05T20:54:21","guid":{"rendered":"https:\/\/www.midvalleystem.org\/es\/?p=8173"},"modified":"2024-06-05T13:54:21","modified_gmt":"2024-06-05T20:54:21","slug":"eventos-comunitarios-de-espacios-creativos-makerspace-en-verano","status":"publish","type":"post","link":"https:\/\/www.midvalleystem.org\/es\/2024\/06\/05\/eventos-comunitarios-de-espacios-creativos-makerspace-en-verano\/","title":{"rendered":"Eventos comunitarios de espacios creativos (Makerspace) en verano"},"content":{"rendered":"<p>\u201cHa sido un a\u00f1o escolar maravilloso y con mucho trabajo\u201d, dijo Svea Bruslind, asistente del programa del espacio creativo m\u00f3vil \u201cMakerspace\u201d, mientras el equipo se preparaba para su \u00faltimo evento de la temporada en la Biblioteca P\u00fablica de la ciudad de Scio el 7 de junio.<\/p>\n<p>Sin embargo, s\u00f3lo porque el a\u00f1o escolar ha terminado, no significa que no vamos a participar en la comunidad durante el verano. El equipo del espacio creativo m\u00f3vil \u201cMakerspace\u201d est\u00e1 trabajando activamente en la transici\u00f3n de los eventos de la biblioteca durante el a\u00f1o escolar a la diversi\u00f3n de verano centrada en STEAM bajo el sol.<\/p>\n<p>Este verano el plan de estudios del espacio creativo m\u00f3vil se centra en el mundo natural. Aseg\u00farese de unirse a nosotros en uno o dos eventos mientras aprendemos sobre la luz solar y las longitudes de onda, mediante la fabricaci\u00f3n de atrapasoles utilizando papel de seda y piezas de la naturaleza. De la misma manera, puede venir a aprender sobre ecolog\u00eda y reforzar su pensamiento cr\u00edtico creando y explorando redes alimentarias. Tambi\u00e9n nos adentraremos en el mundo de la ciencia forense aprendiendo sobre las propiedades de la luz ultravioleta.<\/p>\n<p>Llevaremos estos proyectos y otras actividades divertidas a los mercados agr\u00edcolas locales de las ciudades de Scio, Sweet Home, Lebanon, Brownsville y Monroe, junto con divertidos eventos de verano como Arte en el parque y Diversi\u00f3n en el parque con la oficina de Parques y Recreaci\u00f3n de Albany. Busquen en su mercado local o consulten nuestra p\u00e1gina de <a href=\"https:\/\/www.midvalleystem.org\/events\/\" target=\"_blank\" rel=\"noopener\"><strong>eventos<\/strong><\/a> en nuestro sitio web para saber d\u00f3nde estaremos.<\/p>\n","protected":false},"excerpt":{"rendered":"\u201cHa sido un a\u00f1o escolar maravilloso y con mucho trabajo\u201d, dijo Svea Bruslind, asistente del programa del espacio creativo m\u00f3vil \u201cMakerspace\u201d, mientras el equipo se preparaba para su \u00faltimo evento [&hellip;]","protected":false},"author":7,"featured_media":8174,"comment_status":"open","ping_status":"open","sticky":false,"template":"","format":"standard","meta":{"_acf_changed":false,"footnotes":""},"categories":[12],"tags":[440,457],"class_list":["post-8173","post","type-post","status-publish","format-standard","has-post-thumbnail","hentry","category-news","tag-actividades","tag-creativos"],"acf":[],"yoast_head":"<!-- This site is optimized with the Yoast SEO plugin v26.8 - https:\/\/yoast.com\/product\/yoast-seo-wordpress\/ -->\n<title>Eventos comunitarios de espacios creativos (Makerspace) en verano - Mid-Valley STEM-CTE Hub - Espa\u00f1ol<\/title>\n<meta name=\"robots\" content=\"index, follow, max-snippet:-1, max-image-preview:large, max-video-preview:-1\" \/>\n<link rel=\"canonical\" href=\"https:\/\/www.midvalleystem.org\/es\/2024\/06\/05\/eventos-comunitarios-de-espacios-creativos-makerspace-en-verano\/\" \/>\n<meta property=\"og:locale\" content=\"en_US\" \/>\n<meta property=\"og:type\" content=\"article\" \/>\n<meta property=\"og:title\" content=\"Eventos comunitarios de espacios creativos (Makerspace) en verano - Mid-Valley STEM-CTE Hub - Espa\u00f1ol\" \/>\n<meta property=\"og:description\" content=\"\u201cHa sido un a\u00f1o escolar maravilloso y con mucho trabajo\u201d, dijo Svea Bruslind, asistente del programa del espacio creativo m\u00f3vil \u201cMakerspace\u201d, mientras el equipo se preparaba para su \u00faltimo evento [&hellip;]\" \/>\n<meta property=\"og:url\" content=\"https:\/\/www.midvalleystem.org\/es\/2024\/06\/05\/eventos-comunitarios-de-espacios-creativos-makerspace-en-verano\/\" \/>\n<meta property=\"og:site_name\" content=\"Mid-Valley STEM-CTE Hub - Espa\u00f1ol\" \/>\n<meta property=\"article:published_time\" content=\"2024-06-05T20:54:21+00:00\" \/>\n<meta property=\"og:image\" content=\"https:\/\/www.midvalleystem.org\/media\/sites\/2\/2024\/06\/sun-catchers-e1717620669331.jpg\" \/>\n\t<meta property=\"og:image:width\" content=\"800\" \/>\n\t<meta property=\"og:image:height\" content=\"567\" \/>\n\t<meta property=\"og:image:type\" content=\"image\/jpeg\" \/>\n<meta name=\"author\" content=\"Kacey\" \/>\n<meta name=\"twitter:card\" content=\"summary_large_image\" \/>\n<meta name=\"twitter:label1\" content=\"Written by\" \/>\n\t<meta name=\"twitter:data1\" content=\"Kacey\" \/>\n\t<meta name=\"twitter:label2\" content=\"Est. reading time\" \/>\n\t<meta name=\"twitter:data2\" content=\"2 minutes\" \/>\n<script type=\"application\/ld+json\" class=\"yoast-schema-graph\">{\"@context\":\"https:\/\/schema.org\",\"@graph\":[{\"@type\":\"Article\",\"@id\":\"https:\/\/www.midvalleystem.org\/es\/2024\/06\/05\/eventos-comunitarios-de-espacios-creativos-makerspace-en-verano\/#article\",\"isPartOf\":{\"@id\":\"https:\/\/www.midvalleystem.org\/es\/2024\/06\/05\/eventos-comunitarios-de-espacios-creativos-makerspace-en-verano\/\"},\"author\":{\"name\":\"Kacey\",\"@id\":\"https:\/\/www.midvalleystem.org\/es\/#\/schema\/person\/54128dea53afc35ebba381a8e68484d6\"},\"headline\":\"Eventos comunitarios de espacios creativos (Makerspace) en verano\",\"datePublished\":\"2024-06-05T20:54:21+00:00\",\"mainEntityOfPage\":{\"@id\":\"https:\/\/www.midvalleystem.org\/es\/2024\/06\/05\/eventos-comunitarios-de-espacios-creativos-makerspace-en-verano\/\"},\"wordCount\":285,\"commentCount\":0,\"image\":{\"@id\":\"https:\/\/www.midvalleystem.org\/es\/2024\/06\/05\/eventos-comunitarios-de-espacios-creativos-makerspace-en-verano\/#primaryimage\"},\"thumbnailUrl\":\"https:\/\/www.midvalleystem.org\/media\/sites\/2\/2024\/06\/sun-catchers-e1717620669331.jpg\",\"keywords\":[\"Actividades\",\"creativos\"],\"articleSection\":[\"News\"],\"inLanguage\":\"en-US\",\"potentialAction\":[{\"@type\":\"CommentAction\",\"name\":\"Comment\",\"target\":[\"https:\/\/www.midvalleystem.org\/es\/2024\/06\/05\/eventos-comunitarios-de-espacios-creativos-makerspace-en-verano\/#respond\"]}]},{\"@type\":\"WebPage\",\"@id\":\"https:\/\/www.midvalleystem.org\/es\/2024\/06\/05\/eventos-comunitarios-de-espacios-creativos-makerspace-en-verano\/\",\"url\":\"https:\/\/www.midvalleystem.org\/es\/2024\/06\/05\/eventos-comunitarios-de-espacios-creativos-makerspace-en-verano\/\",\"name\":\"Eventos comunitarios de espacios creativos (Makerspace) en verano - Mid-Valley STEM-CTE Hub - Espa\u00f1ol\",\"isPartOf\":{\"@id\":\"https:\/\/www.midvalleystem.org\/es\/#website\"},\"primaryImageOfPage\":{\"@id\":\"https:\/\/www.midvalleystem.org\/es\/2024\/06\/05\/eventos-comunitarios-de-espacios-creativos-makerspace-en-verano\/#primaryimage\"},\"image\":{\"@id\":\"https:\/\/www.midvalleystem.org\/es\/2024\/06\/05\/eventos-comunitarios-de-espacios-creativos-makerspace-en-verano\/#primaryimage\"},\"thumbnailUrl\":\"https:\/\/www.midvalleystem.org\/media\/sites\/2\/2024\/06\/sun-catchers-e1717620669331.jpg\",\"datePublished\":\"2024-06-05T20:54:21+00:00\",\"author\":{\"@id\":\"https:\/\/www.midvalleystem.org\/es\/#\/schema\/person\/54128dea53afc35ebba381a8e68484d6\"},\"breadcrumb\":{\"@id\":\"https:\/\/www.midvalleystem.org\/es\/2024\/06\/05\/eventos-comunitarios-de-espacios-creativos-makerspace-en-verano\/#breadcrumb\"},\"inLanguage\":\"en-US\",\"potentialAction\":[{\"@type\":\"ReadAction\",\"target\":[\"https:\/\/www.midvalleystem.org\/es\/2024\/06\/05\/eventos-comunitarios-de-espacios-creativos-makerspace-en-verano\/\"]}]},{\"@type\":\"ImageObject\",\"inLanguage\":\"en-US\",\"@id\":\"https:\/\/www.midvalleystem.org\/es\/2024\/06\/05\/eventos-comunitarios-de-espacios-creativos-makerspace-en-verano\/#primaryimage\",\"url\":\"https:\/\/www.midvalleystem.org\/media\/sites\/2\/2024\/06\/sun-catchers-e1717620669331.jpg\",\"contentUrl\":\"https:\/\/www.midvalleystem.org\/media\/sites\/2\/2024\/06\/sun-catchers-e1717620669331.jpg\",\"width\":800,\"height\":567},{\"@type\":\"BreadcrumbList\",\"@id\":\"https:\/\/www.midvalleystem.org\/es\/2024\/06\/05\/eventos-comunitarios-de-espacios-creativos-makerspace-en-verano\/#breadcrumb\",\"itemListElement\":[{\"@type\":\"ListItem\",\"position\":1,\"name\":\"Home\",\"item\":\"https:\/\/www.midvalleystem.org\/es\/\"},{\"@type\":\"ListItem\",\"position\":2,\"name\":\"Eventos comunitarios de espacios creativos (Makerspace) en verano\"}]},{\"@type\":\"WebSite\",\"@id\":\"https:\/\/www.midvalleystem.org\/es\/#website\",\"url\":\"https:\/\/www.midvalleystem.org\/es\/\",\"name\":\"Mid-Valley STEM-CTE Hub - Espa\u00f1ol\",\"description\":\"\",\"potentialAction\":[{\"@type\":\"SearchAction\",\"target\":{\"@type\":\"EntryPoint\",\"urlTemplate\":\"https:\/\/www.midvalleystem.org\/es\/?s={search_term_string}\"},\"query-input\":{\"@type\":\"PropertyValueSpecification\",\"valueRequired\":true,\"valueName\":\"search_term_string\"}}],\"inLanguage\":\"en-US\"},{\"@type\":\"Person\",\"@id\":\"https:\/\/www.midvalleystem.org\/es\/#\/schema\/person\/54128dea53afc35ebba381a8e68484d6\",\"name\":\"Kacey\",\"image\":{\"@type\":\"ImageObject\",\"inLanguage\":\"en-US\",\"@id\":\"https:\/\/www.midvalleystem.org\/es\/#\/schema\/person\/image\/\",\"url\":\"https:\/\/secure.gravatar.com\/avatar\/8321042a2f58f879d7528af9af3b3d71?s=96&d=mm&r=g\",\"contentUrl\":\"https:\/\/secure.gravatar.com\/avatar\/8321042a2f58f879d7528af9af3b3d71?s=96&d=mm&r=g\",\"caption\":\"Kacey\"},\"url\":\"https:\/\/www.midvalleystem.org\/es\/author\/km_mvs\/\"}]}<\/script>\n<!-- \/ Yoast SEO plugin. -->","yoast_head_json":{"title":"Eventos comunitarios de espacios creativos (Makerspace) en verano - Mid-Valley STEM-CTE Hub - Espa\u00f1ol","robots":{"index":"index","follow":"follow","max-snippet":"max-snippet:-1","max-image-preview":"max-image-preview:large","max-video-preview":"max-video-preview:-1"},"canonical":"https:\/\/www.midvalleystem.org\/es\/2024\/06\/05\/eventos-comunitarios-de-espacios-creativos-makerspace-en-verano\/","og_locale":"en_US","og_type":"article","og_title":"Eventos comunitarios de espacios creativos (Makerspace) en verano - Mid-Valley STEM-CTE Hub - Espa\u00f1ol","og_description":"\u201cHa sido un a\u00f1o escolar maravilloso y con mucho trabajo\u201d, dijo Svea Bruslind, asistente del programa del espacio creativo m\u00f3vil \u201cMakerspace\u201d, mientras el equipo se preparaba para su \u00faltimo evento [&hellip;]","og_url":"https:\/\/www.midvalleystem.org\/es\/2024\/06\/05\/eventos-comunitarios-de-espacios-creativos-makerspace-en-verano\/","og_site_name":"Mid-Valley STEM-CTE Hub - Espa\u00f1ol","article_published_time":"2024-06-05T20:54:21+00:00","og_image":[{"width":800,"height":567,"url":"https:\/\/www.midvalleystem.org\/media\/sites\/2\/2024\/06\/sun-catchers-e1717620669331.jpg","type":"image\/jpeg"}],"author":"Kacey","twitter_card":"summary_large_image","twitter_misc":{"Written by":"Kacey","Est. reading time":"2 minutes"},"schema":{"@context":"https:\/\/schema.org","@graph":[{"@type":"Article","@id":"https:\/\/www.midvalleystem.org\/es\/2024\/06\/05\/eventos-comunitarios-de-espacios-creativos-makerspace-en-verano\/#article","isPartOf":{"@id":"https:\/\/www.midvalleystem.org\/es\/2024\/06\/05\/eventos-comunitarios-de-espacios-creativos-makerspace-en-verano\/"},"author":{"name":"Kacey","@id":"https:\/\/www.midvalleystem.org\/es\/#\/schema\/person\/54128dea53afc35ebba381a8e68484d6"},"headline":"Eventos comunitarios de espacios creativos (Makerspace) en verano","datePublished":"2024-06-05T20:54:21+00:00","mainEntityOfPage":{"@id":"https:\/\/www.midvalleystem.org\/es\/2024\/06\/05\/eventos-comunitarios-de-espacios-creativos-makerspace-en-verano\/"},"wordCount":285,"commentCount":0,"image":{"@id":"https:\/\/www.midvalleystem.org\/es\/2024\/06\/05\/eventos-comunitarios-de-espacios-creativos-makerspace-en-verano\/#primaryimage"},"thumbnailUrl":"https:\/\/www.midvalleystem.org\/media\/sites\/2\/2024\/06\/sun-catchers-e1717620669331.jpg","keywords":["Actividades","creativos"],"articleSection":["News"],"inLanguage":"en-US","potentialAction":[{"@type":"CommentAction","name":"Comment","target":["https:\/\/www.midvalleystem.org\/es\/2024\/06\/05\/eventos-comunitarios-de-espacios-creativos-makerspace-en-verano\/#respond"]}]},{"@type":"WebPage","@id":"https:\/\/www.midvalleystem.org\/es\/2024\/06\/05\/eventos-comunitarios-de-espacios-creativos-makerspace-en-verano\/","url":"https:\/\/www.midvalleystem.org\/es\/2024\/06\/05\/eventos-comunitarios-de-espacios-creativos-makerspace-en-verano\/","name":"Eventos comunitarios de espacios creativos (Makerspace) en verano - Mid-Valley STEM-CTE Hub - Espa\u00f1ol","isPartOf":{"@id":"https:\/\/www.midvalleystem.org\/es\/#website"},"primaryImageOfPage":{"@id":"https:\/\/www.midvalleystem.org\/es\/2024\/06\/05\/eventos-comunitarios-de-espacios-creativos-makerspace-en-verano\/#primaryimage"},"image":{"@id":"https:\/\/www.midvalleystem.org\/es\/2024\/06\/05\/eventos-comunitarios-de-espacios-creativos-makerspace-en-verano\/#primaryimage"},"thumbnailUrl":"https:\/\/www.midvalleystem.org\/media\/sites\/2\/2024\/06\/sun-catchers-e1717620669331.jpg","datePublished":"2024-06-05T20:54:21+00:00","author":{"@id":"https:\/\/www.midvalleystem.org\/es\/#\/schema\/person\/54128dea53afc35ebba381a8e68484d6"},"breadcrumb":{"@id":"https:\/\/www.midvalleystem.org\/es\/2024\/06\/05\/eventos-comunitarios-de-espacios-creativos-makerspace-en-verano\/#breadcrumb"},"inLanguage":"en-US","potentialAction":[{"@type":"ReadAction","target":["https:\/\/www.midvalleystem.org\/es\/2024\/06\/05\/eventos-comunitarios-de-espacios-creativos-makerspace-en-verano\/"]}]},{"@type":"ImageObject","inLanguage":"en-US","@id":"https:\/\/www.midvalleystem.org\/es\/2024\/06\/05\/eventos-comunitarios-de-espacios-creativos-makerspace-en-verano\/#primaryimage","url":"https:\/\/www.midvalleystem.org\/media\/sites\/2\/2024\/06\/sun-catchers-e1717620669331.jpg","contentUrl":"https:\/\/www.midvalleystem.org\/media\/sites\/2\/2024\/06\/sun-catchers-e1717620669331.jpg","width":800,"height":567},{"@type":"BreadcrumbList","@id":"https:\/\/www.midvalleystem.org\/es\/2024\/06\/05\/eventos-comunitarios-de-espacios-creativos-makerspace-en-verano\/#breadcrumb","itemListElement":[{"@type":"ListItem","position":1,"name":"Home","item":"https:\/\/www.midvalleystem.org\/es\/"},{"@type":"ListItem","position":2,"name":"Eventos comunitarios de espacios creativos (Makerspace) en verano"}]},{"@type":"WebSite","@id":"https:\/\/www.midvalleystem.org\/es\/#website","url":"https:\/\/www.midvalleystem.org\/es\/","name":"Mid-Valley STEM-CTE Hub - Espa\u00f1ol","description":"","potentialAction":[{"@type":"SearchAction","target":{"@type":"EntryPoint","urlTemplate":"https:\/\/www.midvalleystem.org\/es\/?s={search_term_string}"},"query-input":{"@type":"PropertyValueSpecification","valueRequired":true,"valueName":"search_term_string"}}],"inLanguage":"en-US"},{"@type":"Person","@id":"https:\/\/www.midvalleystem.org\/es\/#\/schema\/person\/54128dea53afc35ebba381a8e68484d6","name":"Kacey","image":{"@type":"ImageObject","inLanguage":"en-US","@id":"https:\/\/www.midvalleystem.org\/es\/#\/schema\/person\/image\/","url":"https:\/\/secure.gravatar.com\/avatar\/8321042a2f58f879d7528af9af3b3d71?s=96&d=mm&r=g","contentUrl":"https:\/\/secure.gravatar.com\/avatar\/8321042a2f58f879d7528af9af3b3d71?s=96&d=mm&r=g","caption":"Kacey"},"url":"https:\/\/www.midvalleystem.org\/es\/author\/km_mvs\/"}]}},"jetpack_featured_media_url":"https:\/\/www.midvalleystem.org\/media\/sites\/2\/2024\/06\/sun-catchers-e1717620669331.jpg","_links":{"self":[{"href":"https:\/\/www.midvalleystem.org\/es\/wp-json\/wp\/v2\/posts\/8173","targetHints":{"allow":["GET"]}}],"collection":[{"href":"https:\/\/www.midvalleystem.org\/es\/wp-json\/wp\/v2\/posts"}],"about":[{"href":"https:\/\/www.midvalleystem.org\/es\/wp-json\/wp\/v2\/types\/post"}],"author":[{"embeddable":true,"href":"https:\/\/www.midvalleystem.org\/es\/wp-json\/wp\/v2\/users\/7"}],"replies":[{"embeddable":true,"href":"https:\/\/www.midvalleystem.org\/es\/wp-json\/wp\/v2\/comments?post=8173"}],"version-history":[{"count":1,"href":"https:\/\/www.midvalleystem.org\/es\/wp-json\/wp\/v2\/posts\/8173\/revisions"}],"predecessor-version":[{"id":8175,"href":"https:\/\/www.midvalleystem.org\/es\/wp-json\/wp\/v2\/posts\/8173\/revisions\/8175"}],"wp:featuredmedia":[{"embeddable":true,"href":"https:\/\/www.midvalleystem.org\/es\/wp-json\/wp\/v2\/media\/8174"}],"wp:attachment":[{"href":"https:\/\/www.midvalleystem.org\/es\/wp-json\/wp\/v2\/media?parent=8173"}],"wp:term":[{"taxonomy":"category","embeddable":true,"href":"https:\/\/www.midvalleystem.org\/es\/wp-json\/wp\/v2\/categories?post=8173"},{"taxonomy":"post_tag","embeddable":true,"href":"https:\/\/www.midvalleystem.org\/es\/wp-json\/wp\/v2\/tags?post=8173"}],"curies":[{"name":"wp","href":"https:\/\/api.w.org\/{rel}","templated":true}]}}