{"id":8294,"date":"2025-02-04T13:35:27","date_gmt":"2025-02-04T21:35:27","guid":{"rendered":"https:\/\/www.midvalleystem.org\/es\/?p=8294"},"modified":"2025-02-04T13:35:27","modified_gmt":"2025-02-04T21:35:27","slug":"los-estudiantes-de-liderazgo-de-albany-visitan-the-mill","status":"publish","type":"post","link":"https:\/\/www.midvalleystem.org\/es\/2025\/02\/04\/los-estudiantes-de-liderazgo-de-albany-visitan-the-mill\/","title":{"rendered":"Los estudiantes de liderazgo de Albany visitan \u201cThe MILL\u201d"},"content":{"rendered":"<p><span style=\"font-weight: 400;\">Desde el verano de 2024, el equipo del Mid-Valley STEM-CTE Hub (MVSCH, por sus siglas en ingl\u00e9s) ha estado mejorando y transformando activamente el MILL, para alinearlo con nuestro enfoque de programaci\u00f3n evolucionado. El equipo agreg\u00f3 un peque\u00f1o pero completo taller de carpinter\u00eda, un laboratorio de serigraf\u00eda e incluso varias m\u00e1quinas CNC nuevas. Dise\u00f1ado para apoyar a los educadores locales, fomenta la innovaci\u00f3n STEAM, la pedagog\u00eda abierta y el intercambio de habilidades.<\/span><\/p>\n<p><span style=\"font-weight: 400;\">Despu\u00e9s de largos meses de esfuerzo dedicado, <\/span><i><span style=\"font-weight: 400;\">The MILL<\/span><\/i><span style=\"font-weight: 400;\"> dio la bienvenida a su primer grupo de visitantes. Esta cohorte fue un grupo de j\u00f3venes l\u00edderes de <\/span><i><span style=\"font-weight: 400;\">Albany Youth Leadership<\/span><\/i><span style=\"font-weight: 400;\"> (Jovenes Lideres de Albany): estudiantes de tercer y cuarto a\u00f1o de las escuelas preparatorias locales como parte del D\u00eda de Educaci\u00f3n en Liderazgo de la C\u00e1mara de Comercio de Albany.<\/span><\/p>\n<p><span style=\"font-weight: 400;\">Guiados por el Navegador de Sistemas Profesionales, el Sr. Deron Fort, los estudiantes recorrieron el campus de LBCC. Su visita incluy\u00f3 explorar el MILL, reunirse con la presidenta de LBCC, la Dra. Lisa Avery, participar en debates en el Centro de Equidad (Equity Center) con el Dr. Angel Dorantes, gerente de extensi\u00f3n y retenci\u00f3n de latinos, y participar en una sesi\u00f3n de preguntas y respuestas con el Consejo de liderazgo estudiantil de LBCC.<\/span><\/p>\n<p style=\"padding-left: 160px;\"><img decoding=\"async\" class=\"alignnone wp-image-8297 size-medium\" src=\"https:\/\/www.midvalleystem.org\/media\/sites\/2\/2025\/02\/IMG_8672-250x250.jpg\" alt=\"\" width=\"250\" height=\"250\" \/><\/p>\n<p><span style=\"font-weight: 400;\">\u201cEl liderazgo involucra una serie de conceptos importantes, y es importante que los j\u00f3venes participen en una variedad de experiencias que les permitan comprender el liderazgo en la pr\u00e1ctica, as\u00ed como lo que significa para ellos\u201d, dijo Fort.\u00a0<\/span><\/p>\n<p><span style=\"font-weight: 400;\">La Dra. Dominga S\u00e1nchez de MVSCH gui\u00f3 a los estudiantes a trav\u00e9s de una conversaci\u00f3n sobre enfoques innovadores para el liderazgo, ayud\u00e1ndolos a explorar c\u00f3mo es el liderazgo para ellos. Los estudiantes participaron en una actividad de <\/span><i><span style=\"font-weight: 400;\">Six Bricks<\/span><\/i><span style=\"font-weight: 400;\"> (seis ladrillos) LEGO, donde los participantes construyeron su versi\u00f3n de un pato en un minuto. Surgieron debates sobre c\u00f3mo la diversidad de pensamiento y el liderazgo con empat\u00eda son habilidades cruciales para los l\u00edderes que intentan guiar a un equipo hacia el \u00e9xito.\u00a0\u00a0<\/span><\/p>\n<p><span style=\"font-weight: 400;\">\u201cCada actividad desafi\u00f3 a los participantes a pensar cr\u00edticamente, colaborar de manera efectiva, fomentar la inclusi\u00f3n y aplicar habilidades creativas de resoluci\u00f3n de problemas, reflejando escenarios del mundo real y brindando a los estudiantes informaci\u00f3n valiosa sobre c\u00f3mo el liderazgo promueve e impulsa un cambio positivo en los campos STEAM\u201d, dijo el Dra. S\u00e1nchez.<\/span><\/p>\n<p><span style=\"font-weight: 400;\">Adem\u00e1s de la actividad <\/span><i><span style=\"font-weight: 400;\">Six Bricks<\/span><\/i><span style=\"font-weight: 400;\"> de LEGO, tambi\u00e9n se alent\u00f3 a los estudiantes a explorar <\/span><i><span style=\"font-weight: 400;\">The MILL<\/span><\/i><span style=\"font-weight: 400;\"> y participar en debates con compa\u00f1eros y personal. Estas conversaciones se centraron en c\u00f3mo el equipo, las actividades y los debates los ayudaron a reconsiderar su comprensi\u00f3n del liderazgo efectivo.<\/span><\/p>\n<p style=\"padding-left: 160px;\"><img decoding=\"async\" class=\"alignnone wp-image-8298 size-medium\" src=\"https:\/\/www.midvalleystem.org\/media\/sites\/2\/2025\/02\/IMG_8700-250x250.jpg\" alt=\"\" width=\"250\" height=\"250\" \/><\/p>\n<p><span style=\"font-weight: 400;\">\u201cTener la oportunidad de participar con los l\u00edderes de LBCC en conversaciones y actividades que profundizan en los matices del liderazgo ayuda a los estudiantes a desarrollar y profundizar su comprensi\u00f3n del concepto de liderazgo y c\u00f3mo esa comprensi\u00f3n influir\u00e1 en sus trayectorias acad\u00e9micas y profesionales\u201d, dijo Fort.<\/span><span style=\"font-weight: 400;\">\u00a0<\/span><\/p>\n<p><span style=\"font-weight: 400;\">La Dra. S\u00e1nchez hizo que los estudiantes volvieran a su reflexi\u00f3n inicial al concluir la sesi\u00f3n: \u201cLos participantes consideraron c\u00f3mo ha evolucionado su definici\u00f3n de liderazgo. Finalmente, seleccionaron una palabra significativa para su nueva visi\u00f3n personal del liderazgo y resumieron el concepto haciendo a mano un bot\u00f3n con su palabra.<\/span><span style=\"font-weight: 400;\">\u201d<\/span><\/p>\n","protected":false},"excerpt":{"rendered":"Desde el verano de 2024, el equipo del Mid-Valley STEM-CTE Hub (MVSCH, por sus siglas en ingl\u00e9s) ha estado mejorando y transformando activamente el MILL, para alinearlo con nuestro enfoque [&hellip;]","protected":false},"author":7,"featured_media":8296,"comment_status":"open","ping_status":"open","sticky":false,"template":"","format":"standard","meta":{"_acf_changed":false,"footnotes":""},"categories":[12],"tags":[],"class_list":["post-8294","post","type-post","status-publish","format-standard","has-post-thumbnail","hentry","category-news"],"acf":[],"yoast_head":"<!-- This site is optimized with the Yoast SEO plugin v26.8 - https:\/\/yoast.com\/product\/yoast-seo-wordpress\/ -->\n<title>Los estudiantes de liderazgo de Albany visitan \u201cThe MILL\u201d - Mid-Valley STEM-CTE Hub - Espa\u00f1ol<\/title>\n<meta name=\"robots\" content=\"index, follow, max-snippet:-1, max-image-preview:large, max-video-preview:-1\" \/>\n<link rel=\"canonical\" href=\"https:\/\/www.midvalleystem.org\/es\/2025\/02\/04\/los-estudiantes-de-liderazgo-de-albany-visitan-the-mill\/\" \/>\n<meta property=\"og:locale\" content=\"en_US\" \/>\n<meta property=\"og:type\" content=\"article\" \/>\n<meta property=\"og:title\" content=\"Los estudiantes de liderazgo de Albany visitan \u201cThe MILL\u201d - Mid-Valley STEM-CTE Hub - Espa\u00f1ol\" \/>\n<meta property=\"og:description\" content=\"Desde el verano de 2024, el equipo del Mid-Valley STEM-CTE Hub (MVSCH, por sus siglas en ingl\u00e9s) ha estado mejorando y transformando activamente el MILL, para alinearlo con nuestro enfoque [&hellip;]\" \/>\n<meta property=\"og:url\" content=\"https:\/\/www.midvalleystem.org\/es\/2025\/02\/04\/los-estudiantes-de-liderazgo-de-albany-visitan-the-mill\/\" \/>\n<meta property=\"og:site_name\" content=\"Mid-Valley STEM-CTE Hub - Espa\u00f1ol\" \/>\n<meta property=\"article:published_time\" content=\"2025-02-04T21:35:27+00:00\" \/>\n<meta property=\"og:image\" content=\"https:\/\/www.midvalleystem.org\/media\/sites\/2\/2025\/02\/IMG_8678-e1738704366586.jpg\" \/>\n\t<meta property=\"og:image:width\" content=\"1200\" \/>\n\t<meta property=\"og:image:height\" content=\"675\" \/>\n\t<meta property=\"og:image:type\" content=\"image\/jpeg\" \/>\n<meta name=\"author\" content=\"Kacey\" \/>\n<meta name=\"twitter:card\" content=\"summary_large_image\" \/>\n<meta name=\"twitter:label1\" content=\"Written by\" \/>\n\t<meta name=\"twitter:data1\" content=\"Kacey\" \/>\n\t<meta name=\"twitter:label2\" content=\"Est. reading time\" \/>\n\t<meta name=\"twitter:data2\" content=\"3 minutes\" \/>\n<script type=\"application\/ld+json\" class=\"yoast-schema-graph\">{\"@context\":\"https:\/\/schema.org\",\"@graph\":[{\"@type\":\"Article\",\"@id\":\"https:\/\/www.midvalleystem.org\/es\/2025\/02\/04\/los-estudiantes-de-liderazgo-de-albany-visitan-the-mill\/#article\",\"isPartOf\":{\"@id\":\"https:\/\/www.midvalleystem.org\/es\/2025\/02\/04\/los-estudiantes-de-liderazgo-de-albany-visitan-the-mill\/\"},\"author\":{\"name\":\"Kacey\",\"@id\":\"https:\/\/www.midvalleystem.org\/es\/#\/schema\/person\/54128dea53afc35ebba381a8e68484d6\"},\"headline\":\"Los estudiantes de liderazgo de Albany visitan \u201cThe MILL\u201d\",\"datePublished\":\"2025-02-04T21:35:27+00:00\",\"mainEntityOfPage\":{\"@id\":\"https:\/\/www.midvalleystem.org\/es\/2025\/02\/04\/los-estudiantes-de-liderazgo-de-albany-visitan-the-mill\/\"},\"wordCount\":586,\"commentCount\":0,\"image\":{\"@id\":\"https:\/\/www.midvalleystem.org\/es\/2025\/02\/04\/los-estudiantes-de-liderazgo-de-albany-visitan-the-mill\/#primaryimage\"},\"thumbnailUrl\":\"https:\/\/www.midvalleystem.org\/media\/sites\/2\/2025\/02\/IMG_8678-e1738704366586.jpg\",\"articleSection\":[\"News\"],\"inLanguage\":\"en-US\",\"potentialAction\":[{\"@type\":\"CommentAction\",\"name\":\"Comment\",\"target\":[\"https:\/\/www.midvalleystem.org\/es\/2025\/02\/04\/los-estudiantes-de-liderazgo-de-albany-visitan-the-mill\/#respond\"]}]},{\"@type\":\"WebPage\",\"@id\":\"https:\/\/www.midvalleystem.org\/es\/2025\/02\/04\/los-estudiantes-de-liderazgo-de-albany-visitan-the-mill\/\",\"url\":\"https:\/\/www.midvalleystem.org\/es\/2025\/02\/04\/los-estudiantes-de-liderazgo-de-albany-visitan-the-mill\/\",\"name\":\"Los estudiantes de liderazgo de Albany visitan \u201cThe MILL\u201d - Mid-Valley STEM-CTE Hub - Espa\u00f1ol\",\"isPartOf\":{\"@id\":\"https:\/\/www.midvalleystem.org\/es\/#website\"},\"primaryImageOfPage\":{\"@id\":\"https:\/\/www.midvalleystem.org\/es\/2025\/02\/04\/los-estudiantes-de-liderazgo-de-albany-visitan-the-mill\/#primaryimage\"},\"image\":{\"@id\":\"https:\/\/www.midvalleystem.org\/es\/2025\/02\/04\/los-estudiantes-de-liderazgo-de-albany-visitan-the-mill\/#primaryimage\"},\"thumbnailUrl\":\"https:\/\/www.midvalleystem.org\/media\/sites\/2\/2025\/02\/IMG_8678-e1738704366586.jpg\",\"datePublished\":\"2025-02-04T21:35:27+00:00\",\"author\":{\"@id\":\"https:\/\/www.midvalleystem.org\/es\/#\/schema\/person\/54128dea53afc35ebba381a8e68484d6\"},\"breadcrumb\":{\"@id\":\"https:\/\/www.midvalleystem.org\/es\/2025\/02\/04\/los-estudiantes-de-liderazgo-de-albany-visitan-the-mill\/#breadcrumb\"},\"inLanguage\":\"en-US\",\"potentialAction\":[{\"@type\":\"ReadAction\",\"target\":[\"https:\/\/www.midvalleystem.org\/es\/2025\/02\/04\/los-estudiantes-de-liderazgo-de-albany-visitan-the-mill\/\"]}]},{\"@type\":\"ImageObject\",\"inLanguage\":\"en-US\",\"@id\":\"https:\/\/www.midvalleystem.org\/es\/2025\/02\/04\/los-estudiantes-de-liderazgo-de-albany-visitan-the-mill\/#primaryimage\",\"url\":\"https:\/\/www.midvalleystem.org\/media\/sites\/2\/2025\/02\/IMG_8678-e1738704366586.jpg\",\"contentUrl\":\"https:\/\/www.midvalleystem.org\/media\/sites\/2\/2025\/02\/IMG_8678-e1738704366586.jpg\",\"width\":1200,\"height\":675},{\"@type\":\"BreadcrumbList\",\"@id\":\"https:\/\/www.midvalleystem.org\/es\/2025\/02\/04\/los-estudiantes-de-liderazgo-de-albany-visitan-the-mill\/#breadcrumb\",\"itemListElement\":[{\"@type\":\"ListItem\",\"position\":1,\"name\":\"Home\",\"item\":\"https:\/\/www.midvalleystem.org\/es\/\"},{\"@type\":\"ListItem\",\"position\":2,\"name\":\"Los estudiantes de liderazgo de Albany visitan \u201cThe MILL\u201d\"}]},{\"@type\":\"WebSite\",\"@id\":\"https:\/\/www.midvalleystem.org\/es\/#website\",\"url\":\"https:\/\/www.midvalleystem.org\/es\/\",\"name\":\"Mid-Valley STEM-CTE Hub - Espa\u00f1ol\",\"description\":\"\",\"potentialAction\":[{\"@type\":\"SearchAction\",\"target\":{\"@type\":\"EntryPoint\",\"urlTemplate\":\"https:\/\/www.midvalleystem.org\/es\/?s={search_term_string}\"},\"query-input\":{\"@type\":\"PropertyValueSpecification\",\"valueRequired\":true,\"valueName\":\"search_term_string\"}}],\"inLanguage\":\"en-US\"},{\"@type\":\"Person\",\"@id\":\"https:\/\/www.midvalleystem.org\/es\/#\/schema\/person\/54128dea53afc35ebba381a8e68484d6\",\"name\":\"Kacey\",\"image\":{\"@type\":\"ImageObject\",\"inLanguage\":\"en-US\",\"@id\":\"https:\/\/www.midvalleystem.org\/es\/#\/schema\/person\/image\/\",\"url\":\"https:\/\/secure.gravatar.com\/avatar\/8321042a2f58f879d7528af9af3b3d71?s=96&d=mm&r=g\",\"contentUrl\":\"https:\/\/secure.gravatar.com\/avatar\/8321042a2f58f879d7528af9af3b3d71?s=96&d=mm&r=g\",\"caption\":\"Kacey\"},\"url\":\"https:\/\/www.midvalleystem.org\/es\/author\/km_mvs\/\"}]}<\/script>\n<!-- \/ Yoast SEO plugin. -->","yoast_head_json":{"title":"Los estudiantes de liderazgo de Albany visitan \u201cThe MILL\u201d - Mid-Valley STEM-CTE Hub - Espa\u00f1ol","robots":{"index":"index","follow":"follow","max-snippet":"max-snippet:-1","max-image-preview":"max-image-preview:large","max-video-preview":"max-video-preview:-1"},"canonical":"https:\/\/www.midvalleystem.org\/es\/2025\/02\/04\/los-estudiantes-de-liderazgo-de-albany-visitan-the-mill\/","og_locale":"en_US","og_type":"article","og_title":"Los estudiantes de liderazgo de Albany visitan \u201cThe MILL\u201d - Mid-Valley STEM-CTE Hub - Espa\u00f1ol","og_description":"Desde el verano de 2024, el equipo del Mid-Valley STEM-CTE Hub (MVSCH, por sus siglas en ingl\u00e9s) ha estado mejorando y transformando activamente el MILL, para alinearlo con nuestro enfoque [&hellip;]","og_url":"https:\/\/www.midvalleystem.org\/es\/2025\/02\/04\/los-estudiantes-de-liderazgo-de-albany-visitan-the-mill\/","og_site_name":"Mid-Valley STEM-CTE Hub - Espa\u00f1ol","article_published_time":"2025-02-04T21:35:27+00:00","og_image":[{"width":1200,"height":675,"url":"https:\/\/www.midvalleystem.org\/media\/sites\/2\/2025\/02\/IMG_8678-e1738704366586.jpg","type":"image\/jpeg"}],"author":"Kacey","twitter_card":"summary_large_image","twitter_misc":{"Written by":"Kacey","Est. reading time":"3 minutes"},"schema":{"@context":"https:\/\/schema.org","@graph":[{"@type":"Article","@id":"https:\/\/www.midvalleystem.org\/es\/2025\/02\/04\/los-estudiantes-de-liderazgo-de-albany-visitan-the-mill\/#article","isPartOf":{"@id":"https:\/\/www.midvalleystem.org\/es\/2025\/02\/04\/los-estudiantes-de-liderazgo-de-albany-visitan-the-mill\/"},"author":{"name":"Kacey","@id":"https:\/\/www.midvalleystem.org\/es\/#\/schema\/person\/54128dea53afc35ebba381a8e68484d6"},"headline":"Los estudiantes de liderazgo de Albany visitan \u201cThe MILL\u201d","datePublished":"2025-02-04T21:35:27+00:00","mainEntityOfPage":{"@id":"https:\/\/www.midvalleystem.org\/es\/2025\/02\/04\/los-estudiantes-de-liderazgo-de-albany-visitan-the-mill\/"},"wordCount":586,"commentCount":0,"image":{"@id":"https:\/\/www.midvalleystem.org\/es\/2025\/02\/04\/los-estudiantes-de-liderazgo-de-albany-visitan-the-mill\/#primaryimage"},"thumbnailUrl":"https:\/\/www.midvalleystem.org\/media\/sites\/2\/2025\/02\/IMG_8678-e1738704366586.jpg","articleSection":["News"],"inLanguage":"en-US","potentialAction":[{"@type":"CommentAction","name":"Comment","target":["https:\/\/www.midvalleystem.org\/es\/2025\/02\/04\/los-estudiantes-de-liderazgo-de-albany-visitan-the-mill\/#respond"]}]},{"@type":"WebPage","@id":"https:\/\/www.midvalleystem.org\/es\/2025\/02\/04\/los-estudiantes-de-liderazgo-de-albany-visitan-the-mill\/","url":"https:\/\/www.midvalleystem.org\/es\/2025\/02\/04\/los-estudiantes-de-liderazgo-de-albany-visitan-the-mill\/","name":"Los estudiantes de liderazgo de Albany visitan \u201cThe MILL\u201d - Mid-Valley STEM-CTE Hub - Espa\u00f1ol","isPartOf":{"@id":"https:\/\/www.midvalleystem.org\/es\/#website"},"primaryImageOfPage":{"@id":"https:\/\/www.midvalleystem.org\/es\/2025\/02\/04\/los-estudiantes-de-liderazgo-de-albany-visitan-the-mill\/#primaryimage"},"image":{"@id":"https:\/\/www.midvalleystem.org\/es\/2025\/02\/04\/los-estudiantes-de-liderazgo-de-albany-visitan-the-mill\/#primaryimage"},"thumbnailUrl":"https:\/\/www.midvalleystem.org\/media\/sites\/2\/2025\/02\/IMG_8678-e1738704366586.jpg","datePublished":"2025-02-04T21:35:27+00:00","author":{"@id":"https:\/\/www.midvalleystem.org\/es\/#\/schema\/person\/54128dea53afc35ebba381a8e68484d6"},"breadcrumb":{"@id":"https:\/\/www.midvalleystem.org\/es\/2025\/02\/04\/los-estudiantes-de-liderazgo-de-albany-visitan-the-mill\/#breadcrumb"},"inLanguage":"en-US","potentialAction":[{"@type":"ReadAction","target":["https:\/\/www.midvalleystem.org\/es\/2025\/02\/04\/los-estudiantes-de-liderazgo-de-albany-visitan-the-mill\/"]}]},{"@type":"ImageObject","inLanguage":"en-US","@id":"https:\/\/www.midvalleystem.org\/es\/2025\/02\/04\/los-estudiantes-de-liderazgo-de-albany-visitan-the-mill\/#primaryimage","url":"https:\/\/www.midvalleystem.org\/media\/sites\/2\/2025\/02\/IMG_8678-e1738704366586.jpg","contentUrl":"https:\/\/www.midvalleystem.org\/media\/sites\/2\/2025\/02\/IMG_8678-e1738704366586.jpg","width":1200,"height":675},{"@type":"BreadcrumbList","@id":"https:\/\/www.midvalleystem.org\/es\/2025\/02\/04\/los-estudiantes-de-liderazgo-de-albany-visitan-the-mill\/#breadcrumb","itemListElement":[{"@type":"ListItem","position":1,"name":"Home","item":"https:\/\/www.midvalleystem.org\/es\/"},{"@type":"ListItem","position":2,"name":"Los estudiantes de liderazgo de Albany visitan \u201cThe MILL\u201d"}]},{"@type":"WebSite","@id":"https:\/\/www.midvalleystem.org\/es\/#website","url":"https:\/\/www.midvalleystem.org\/es\/","name":"Mid-Valley STEM-CTE Hub - Espa\u00f1ol","description":"","potentialAction":[{"@type":"SearchAction","target":{"@type":"EntryPoint","urlTemplate":"https:\/\/www.midvalleystem.org\/es\/?s={search_term_string}"},"query-input":{"@type":"PropertyValueSpecification","valueRequired":true,"valueName":"search_term_string"}}],"inLanguage":"en-US"},{"@type":"Person","@id":"https:\/\/www.midvalleystem.org\/es\/#\/schema\/person\/54128dea53afc35ebba381a8e68484d6","name":"Kacey","image":{"@type":"ImageObject","inLanguage":"en-US","@id":"https:\/\/www.midvalleystem.org\/es\/#\/schema\/person\/image\/","url":"https:\/\/secure.gravatar.com\/avatar\/8321042a2f58f879d7528af9af3b3d71?s=96&d=mm&r=g","contentUrl":"https:\/\/secure.gravatar.com\/avatar\/8321042a2f58f879d7528af9af3b3d71?s=96&d=mm&r=g","caption":"Kacey"},"url":"https:\/\/www.midvalleystem.org\/es\/author\/km_mvs\/"}]}},"jetpack_featured_media_url":"https:\/\/www.midvalleystem.org\/media\/sites\/2\/2025\/02\/IMG_8678-e1738704366586.jpg","_links":{"self":[{"href":"https:\/\/www.midvalleystem.org\/es\/wp-json\/wp\/v2\/posts\/8294","targetHints":{"allow":["GET"]}}],"collection":[{"href":"https:\/\/www.midvalleystem.org\/es\/wp-json\/wp\/v2\/posts"}],"about":[{"href":"https:\/\/www.midvalleystem.org\/es\/wp-json\/wp\/v2\/types\/post"}],"author":[{"embeddable":true,"href":"https:\/\/www.midvalleystem.org\/es\/wp-json\/wp\/v2\/users\/7"}],"replies":[{"embeddable":true,"href":"https:\/\/www.midvalleystem.org\/es\/wp-json\/wp\/v2\/comments?post=8294"}],"version-history":[{"count":1,"href":"https:\/\/www.midvalleystem.org\/es\/wp-json\/wp\/v2\/posts\/8294\/revisions"}],"predecessor-version":[{"id":8299,"href":"https:\/\/www.midvalleystem.org\/es\/wp-json\/wp\/v2\/posts\/8294\/revisions\/8299"}],"wp:featuredmedia":[{"embeddable":true,"href":"https:\/\/www.midvalleystem.org\/es\/wp-json\/wp\/v2\/media\/8296"}],"wp:attachment":[{"href":"https:\/\/www.midvalleystem.org\/es\/wp-json\/wp\/v2\/media?parent=8294"}],"wp:term":[{"taxonomy":"category","embeddable":true,"href":"https:\/\/www.midvalleystem.org\/es\/wp-json\/wp\/v2\/categories?post=8294"},{"taxonomy":"post_tag","embeddable":true,"href":"https:\/\/www.midvalleystem.org\/es\/wp-json\/wp\/v2\/tags?post=8294"}],"curies":[{"name":"wp","href":"https:\/\/api.w.org\/{rel}","templated":true}]}}